{"id":11744,"date":"2023-05-13T12:54:29","date_gmt":"2023-05-13T12:54:29","guid":{"rendered":"https:\/\/force8.coach\/swiss-ski-measurement-day-in-the-middle-of-it-instead-of-just-being-there\/"},"modified":"2023-05-30T13:03:05","modified_gmt":"2023-05-30T13:03:05","slug":"swiss-ski-measurement-day-in-the-middle-of-it-instead-of-just-being-there","status":"publish","type":"post","link":"https:\/\/force8.coach\/fr\/swiss-ski-measurement-day-in-the-middle-of-it-instead-of-just-being-there\/","title":{"rendered":"Swiss-Ski &#8211; la journ\u00e9e de prise des mesures: Au c\u0153ur de l&rsquo;action au lieu d&rsquo;y \u00eatre"},"content":{"rendered":"<p>Vendredi dernier, toute la famille de Swiss-Ski s&rsquo;est r\u00e9unie \u00e0 D\u00fcbendorf pour la grande journ\u00e9e de mesure.<\/p>\n<p>Nous avons profit\u00e9 de cette occasion pour int\u00e9grer d&rsquo;autres athl\u00e8tes:s de sports comme le saut \u00e0 ski, le biathlon et le ski de fond dans notre produit My Swiss-Ski et les instruire.<\/p>\n<p>Voici des photos et plus d&rsquo;infos sur cet \u00e9v\u00e9nement sp\u00e9cial: <a href=\"https:\/\/www.swiss-ski.ch\/fr\/newsroom\/news\/masstag-als-auftakt-in-die-neue-saison-1\/\" target=\"_blank\" rel=\"noopener\">https:\/\/www.swiss-ski.ch\/fr\/newsroom\/news\/masstag-als-auftakt-in-die-neue-saison-1\/<\/a><\/p>\n","protected":false},"excerpt":{"rendered":"<p>Vendredi dernier, toute la famille de Swiss-Ski s&rsquo;est r\u00e9unie \u00e0 D\u00fcbendorf pour la grande journ\u00e9e de mesure. Nous avons profit\u00e9 de cette occasion pour int\u00e9grer d&rsquo;autres athl\u00e8tes:s de sports comme le saut \u00e0 ski, le biathlon et le ski de fond dans notre produit My Swiss-Ski et les instruire. Voici des photos et plus d&rsquo;infos [&hellip;]<\/p>\n","protected":false},"author":5,"featured_media":11741,"comment_status":"open","ping_status":"open","sticky":false,"template":"","format":"standard","meta":{"inline_featured_image":false,"footnotes":""},"categories":[87],"tags":[],"_links":{"self":[{"href":"https:\/\/force8.coach\/fr\/wp-json\/wp\/v2\/posts\/11744"}],"collection":[{"href":"https:\/\/force8.coach\/fr\/wp-json\/wp\/v2\/posts"}],"about":[{"href":"https:\/\/force8.coach\/fr\/wp-json\/wp\/v2\/types\/post"}],"author":[{"embeddable":true,"href":"https:\/\/force8.coach\/fr\/wp-json\/wp\/v2\/users\/5"}],"replies":[{"embeddable":true,"href":"https:\/\/force8.coach\/fr\/wp-json\/wp\/v2\/comments?post=11744"}],"version-history":[{"count":3,"href":"https:\/\/force8.coach\/fr\/wp-json\/wp\/v2\/posts\/11744\/revisions"}],"predecessor-version":[{"id":11747,"href":"https:\/\/force8.coach\/fr\/wp-json\/wp\/v2\/posts\/11744\/revisions\/11747"}],"wp:featuredmedia":[{"embeddable":true,"href":"https:\/\/force8.coach\/fr\/wp-json\/wp\/v2\/media\/11741"}],"wp:attachment":[{"href":"https:\/\/force8.coach\/fr\/wp-json\/wp\/v2\/media?parent=11744"}],"wp:term":[{"taxonomy":"category","embeddable":true,"href":"https:\/\/force8.coach\/fr\/wp-json\/wp\/v2\/categories?post=11744"},{"taxonomy":"post_tag","embeddable":true,"href":"https:\/\/force8.coach\/fr\/wp-json\/wp\/v2\/tags?post=11744"}],"curies":[{"name":"wp","href":"https:\/\/api.w.org\/{rel}","templated":true}]}}